{"id":1123,"date":"2020-01-28T15:41:58","date_gmt":"2020-01-28T07:41:58","guid":{"rendered":"https:\/\/ambulaanbaatar.esteri.it\/?p=1123"},"modified":"2023-11-30T15:43:49","modified_gmt":"2023-11-30T07:43:49","slug":"coronavirus-2019-ncov","status":"publish","type":"post","link":"https:\/\/ambulaanbaatar.esteri.it\/it\/news\/dall_ambasciata\/2020\/01\/coronavirus-2019-ncov\/","title":{"rendered":"CORONAVIRUS 2019-nCoV"},"content":{"rendered":"<div>\n<p><img loading=\"lazy\" decoding=\"async\" class=\"alignnone size-medium wp-image-1127 img-fluid\" src=\"https:\/\/ambulaanbaatar.esteri.it\/wp-content\/uploads\/2020\/01\/coronavirus1-300x206.jpg\" alt=\"\" width=\"300\" height=\"206\" srcset=\"https:\/\/ambulaanbaatar.esteri.it\/wp-content\/uploads\/2020\/01\/coronavirus1-300x206.jpg 300w, https:\/\/ambulaanbaatar.esteri.it\/wp-content\/uploads\/2020\/01\/coronavirus1.jpg 699w\" sizes=\"auto, (max-width: 300px) 100vw, 300px\" \/><\/p>\n<p style=\"text-align: justify;\">L\u2019epidemia recentemente rilevata in Cina di influenza da Coronavirus 2019-nCoV sta suscitando allarme sui social media. Invitiamo i Connazionali a consultare esclusivamente siti accreditati, in particolare quello del nostro Istituto Superiore di Sanit\u00e0, che pubblica con regolarit\u00e0 gli aggiornamenti:<\/p>\n<p style=\"text-align: justify;\"><strong><a href=\"https:\/\/www.epicentro.iss.it\/coronavirus\/2019-nCoV\">https:\/\/www.epicentro.iss.it\/coronavirus\/2019-nCoV<\/a><\/strong><\/p>\n<p style=\"text-align: justify;\">(si pu\u00f2 digitare anche: <em>\u201cIl portale dell&#8217;epidemiologia per la sanit\u00e0 pubblica a cura dell&#8217;Istituto Superiore di Sanit\u00e0\u201d<\/em>)<\/p>\n<p style=\"text-align: justify;\">N\u00e9 in Mongolia n\u00e9 in Italia sono stati accertati, ad oggi (28 gennaio 2020), casi di contagio.<\/p>\n<p style=\"text-align: justify;\">Bench\u00e9 dalle attuali statistiche rilevi un\u2019altissima percentuale di guarigioni spontanee entro tre o quattro giorni dall\u2019insorgere dei primi sintomi, nonch\u00e9 molti casi totalmente asintomatici, \u00e8 consigliabile attenersi alle cautele di base suggerite dalle Autorit\u00e0 Sanitarie. Ricordiamo che il virus pu\u00f2 essere insidioso nei pazienti a rischio per patologie pregresse o con un quadro clinico gi\u00e0 gravemente compromesso. Maggiori cautele andranno adottate da coloro che effettuano viaggi internazionali da o verso le zone di contagio.<\/p>\n<\/div>\n","protected":false},"excerpt":{"rendered":"L\u2019epidemia recentemente rilevata in Cina di influenza da Coronavirus 2019-nCoV sta suscitando allarme sui social media. Invitiamo i Connazionali a consultare esclusivamente siti accreditati, in particolare quello del nostro Istituto Superiore di Sanit\u00e0, che pubblica con regolarit\u00e0 gli aggiornamenti: https:\/\/www.epicentro.iss.it\/coronavirus\/2019-nCoV (si pu\u00f2 digitare anche: \u201cIl portale dell&#8217;epidemiologia per la sanit\u00e0 pubblica a cura dell&#8217;Istituto Superiore [&hellip;]","protected":false},"author":4,"featured_media":0,"comment_status":"closed","ping_status":"closed","sticky":false,"template":"","format":"standard","meta":{"footnotes":""},"tags":[],"class_list":["post-1123","post","type-post","status-publish","format-standard","hentry"],"_links":{"self":[{"href":"https:\/\/ambulaanbaatar.esteri.it\/it\/wp-json\/wp\/v2\/posts\/1123","targetHints":{"allow":["GET"]}}],"collection":[{"href":"https:\/\/ambulaanbaatar.esteri.it\/it\/wp-json\/wp\/v2\/posts"}],"about":[{"href":"https:\/\/ambulaanbaatar.esteri.it\/it\/wp-json\/wp\/v2\/types\/post"}],"author":[{"embeddable":true,"href":"https:\/\/ambulaanbaatar.esteri.it\/it\/wp-json\/wp\/v2\/users\/4"}],"replies":[{"embeddable":true,"href":"https:\/\/ambulaanbaatar.esteri.it\/it\/wp-json\/wp\/v2\/comments?post=1123"}],"version-history":[{"count":2,"href":"https:\/\/ambulaanbaatar.esteri.it\/it\/wp-json\/wp\/v2\/posts\/1123\/revisions"}],"predecessor-version":[{"id":1129,"href":"https:\/\/ambulaanbaatar.esteri.it\/it\/wp-json\/wp\/v2\/posts\/1123\/revisions\/1129"}],"wp:attachment":[{"href":"https:\/\/ambulaanbaatar.esteri.it\/it\/wp-json\/wp\/v2\/media?parent=1123"}],"wp:term":[{"taxonomy":"post_tag","embeddable":true,"href":"https:\/\/ambulaanbaatar.esteri.it\/it\/wp-json\/wp\/v2\/tags?post=1123"}],"curies":[{"name":"wp","href":"https:\/\/api.w.org\/{rel}","templated":true}]}}