{"id":2491,"date":"2024-07-29T14:26:35","date_gmt":"2024-07-29T06:26:35","guid":{"rendered":"https:\/\/ambulaanbaatar.esteri.it\/?p=2491"},"modified":"2024-07-29T14:26:55","modified_gmt":"2024-07-29T06:26:55","slug":"avviso-pubblico-di-sponsorizzazione-eventi-per-la-seconda-meta-del-2024","status":"publish","type":"post","link":"https:\/\/ambulaanbaatar.esteri.it\/it\/news\/dall_ambasciata\/2024\/07\/avviso-pubblico-di-sponsorizzazione-eventi-per-la-seconda-meta-del-2024\/","title":{"rendered":"AVVISO PUBBLICO DI SPONSORIZZAZIONE EVENTI PER LA SECONDA MET\u00c0 DEL 2024"},"content":{"rendered":"<p style=\"text-align: justify;\">L\u2019Ambasciata d\u2019Italia a Ulaanbaatar ha reso pubblico il bando per le sponsorizzazioni per la seconda met\u00e0 del 2024.<\/p>\n<p style=\"text-align: justify;\">I soggetti a cui si rivolge l\u2019avviso sono enti pubblici o privati che intendono promuovere la propria immagine attraverso la collaborazione con l\u2019Ambasciata nella realizzazione di eventi artistici-culturali, commerciali e divulgativi di elevato profilo istituzionale.<\/p>\n<p style=\"text-align: justify;\">La programmazione delle attivit\u00e0, che \u00e8 in continuo aggiornamento, include una serie di iniziative significative tra le quali le pi\u00f9 rilevanti al momento sono: Mostra dedicata a Marco Polo (novembre) Settimana della Lingua Italiana nel mondo (ottobre), Settimana della Cucina Italiana nel mondo (novembre).<\/p>\n<p style=\"text-align: justify;\">Il seguente bando avr\u00e0 una durata di un mese a partire dal giorno della sua pubblicazione, 29 luglio 2024.<\/p>\n<p>&nbsp;<\/p>\n<p style=\"text-align: justify;\">Per ulteriori informazioni, si invita a consultare i seguenti link:<\/p>\n<p style=\"text-align: justify;\"><a href=\"https:\/\/ambulaanbaatar.esteri.it\/wp-content\/uploads\/2024\/07\/Avviso_sponsorizzazioni-2024.pdf\">Avviso sponsorizzazioni 2024<\/a><\/p>\n<p style=\"text-align: justify;\"><a href=\"https:\/\/ambulaanbaatar.esteri.it\/wp-content\/uploads\/2024\/07\/modello_manifestazione_dinteresse.pdf\">Modello di manifestazione di interesse<\/a><\/p>\n<p style=\"text-align: justify;\"><a href=\"https:\/\/ambulaanbaatar.esteri.it\/wp-content\/uploads\/2024\/07\/Regolamento-per-la-gestione-delle-attivita-di-sponsorizzazione.pdf\">Regolamento per la gestione delle attivit\u00e0 di sponsorizzazione<\/a><\/p>\n","protected":false},"excerpt":{"rendered":"L\u2019Ambasciata d\u2019Italia a Ulaanbaatar ha reso pubblico il bando per le sponsorizzazioni per la seconda met\u00e0 del 2024. I soggetti a cui si rivolge l\u2019avviso sono enti pubblici o privati che intendono promuovere la propria immagine attraverso la collaborazione con l\u2019Ambasciata nella realizzazione di eventi artistici-culturali, commerciali e divulgativi di elevato profilo istituzionale. La programmazione [&hellip;]","protected":false},"author":9,"featured_media":0,"comment_status":"closed","ping_status":"closed","sticky":false,"template":"","format":"standard","meta":{"footnotes":""},"tags":[],"class_list":["post-2491","post","type-post","status-publish","format-standard","hentry"],"_links":{"self":[{"href":"https:\/\/ambulaanbaatar.esteri.it\/it\/wp-json\/wp\/v2\/posts\/2491","targetHints":{"allow":["GET"]}}],"collection":[{"href":"https:\/\/ambulaanbaatar.esteri.it\/it\/wp-json\/wp\/v2\/posts"}],"about":[{"href":"https:\/\/ambulaanbaatar.esteri.it\/it\/wp-json\/wp\/v2\/types\/post"}],"author":[{"embeddable":true,"href":"https:\/\/ambulaanbaatar.esteri.it\/it\/wp-json\/wp\/v2\/users\/9"}],"replies":[{"embeddable":true,"href":"https:\/\/ambulaanbaatar.esteri.it\/it\/wp-json\/wp\/v2\/comments?post=2491"}],"version-history":[{"count":2,"href":"https:\/\/ambulaanbaatar.esteri.it\/it\/wp-json\/wp\/v2\/posts\/2491\/revisions"}],"predecessor-version":[{"id":2500,"href":"https:\/\/ambulaanbaatar.esteri.it\/it\/wp-json\/wp\/v2\/posts\/2491\/revisions\/2500"}],"wp:attachment":[{"href":"https:\/\/ambulaanbaatar.esteri.it\/it\/wp-json\/wp\/v2\/media?parent=2491"}],"wp:term":[{"taxonomy":"post_tag","embeddable":true,"href":"https:\/\/ambulaanbaatar.esteri.it\/it\/wp-json\/wp\/v2\/tags?post=2491"}],"curies":[{"name":"wp","href":"https:\/\/api.w.org\/{rel}","templated":true}]}}